{"id":1701,"date":"2015-06-08T11:24:17","date_gmt":"2015-06-08T14:24:17","guid":{"rendered":"https:\/\/noticiasungs.ungs.edu.ar\/?p=1701"},"modified":"2018-09-17T16:16:36","modified_gmt":"2018-09-17T19:16:36","slug":"pasado-y-presente-de-america-latina","status":"publish","type":"post","link":"https:\/\/noticiasungs.ungs.edu.ar\/?p=1701","title":{"rendered":"Pasado y presente de Am\u00e9rica Latina"},"content":{"rendered":"<p>PROGRAMA DE INVESTIGACI\u00d3N Y CICLO DE CHARLAS.<\/p>\n<p>&nbsp;<\/p>\n<p>Am\u00e9rica Latina es el nombre de una identidad incierta y de una utop\u00eda pertinaz, que en diferentes momentos de la historia de nuestros pa\u00edses inspir\u00f3 los programas de muchos de los intelectuales a los que recordamos hoy con mayor reconocimiento, y organiz\u00f3 tambi\u00e9n la acci\u00f3n p\u00fablica de nuestras universidades. Universidades que si hace ahora dos siglos nutrieron a las luchas por la independencia de nuestros pueblos de algunos de sus mejores cuadros y de algunas de sus ideas m\u00e1s atrevidas y avanzadas, y que si a partir de la Reforma de 1918 dieron a su acci\u00f3n educativa y militante una decidida orientaci\u00f3n continental, hoy vuelven a enfrentar el desaf\u00edo de poner sus programas de trabajo al servicio de la comprensi\u00f3n de un tiempo en el que de nuevo (como hace doscientos a\u00f1os y como hace cien) nuestros destinos nacionales parecen asociarse a la suerte com\u00fan de toda la regi\u00f3n.<\/p>\n<p>En ese marco deben comprenderse las dos iniciativas de las que se da cuenta en esta p\u00e1gina y en las dos siguientes. Por un lado, la UNGS se ha convertido el a\u00f1o pasado en el nodo articulador del cap\u00edtulo argentino del programa \u201cDemocracias en revoluci\u00f3n y revoluci\u00f3n en democracia\u201d, que se propone investigar los procesos pol\u00edticos actuales en Am\u00e9rica Latina bajo la coordinaci\u00f3n general del Instituto de Altos Estudios Nacionales (IAEN) de Ecuador, y que aqu\u00ed re\u00fane los esfuerzos de diversas instituciones nucleadas alrededor de la convocatoria lanzada por nuestra Universidad para estudiar seis dimensiones de los actuales procesos de transformaci\u00f3n en la regi\u00f3n: la econom\u00eda, la pol\u00edtica, la educaci\u00f3n, la comunicaci\u00f3n, el uso de los recursos estrat\u00e9gicos y la integraci\u00f3n latinoamericana. As\u00ed, en el arranque de las actividades acad\u00e9micas de este a\u00f1o 2015, equipos del Consejo Latinoamericano de Ciencias Sociales (CLACSO), de la Facultad Latinoamericana de Ciencias Sociales (FLACSO), del Centro Cultural de la Cooperaci\u00f3n (CCC) y del Centro de Estudios sobre Desarrollo, Estado y Territorio (CEDET) de la Universidad Nacional de Rosario se reunieron en el Campus de la UNGS, en Los Polvorines, en una jornada en la que pudieron escucharse interesantes exposiciones de Jos\u00e9 Luis Coraggio, Federico Schuster, Oscar Madoery, Jorge Gaggero y Carolina Mera sobre los necesarios replanteos te\u00f3ricos y conceptuales que exige este momento y sobre los desaf\u00edos que plantea el actual escenario regional.<\/p>\n<p>Por otro lado, las coordinaciones de las Licenciaturas en Econom\u00eda Pol\u00edtica y en Estudios Pol\u00edticos, de los Institutos de Industria y del Desarrollo Humano de la UNGS respectivamente, han organizado para todo este a\u00f1o 2015 un ciclo de conferencias sobre \u201cPensadores pol\u00edticos latinoamericanos\u201d, con el prop\u00f3sito de que expertos en el pensamiento y en las obras de distintos autores de toda la regi\u00f3n puedan introducir en esa materia, no siempre debidamente tratada en nuestras tradiciones bibliogr\u00e1ficas y en nuestros h\u00e1bitos acad\u00e9micos m\u00e1s convencionales, a estudiantes, profesores e investigadores de la Universidad. El ciclo comenz\u00f3 con una exposici\u00f3n de la rectora Gabriela Diker, especialista en problemas de historia de la educaci\u00f3n, sobre el itinerario intelectual de An\u00edbal Ponce, y continu\u00f3 con la visita de la soci\u00f3loga y ensayista Mar\u00eda P\u00eda L\u00f3pez, quien se refiri\u00f3 a la obra del peruano Jos\u00e9 Carlos Mari\u00e1tegui.<\/p>\n<p>&nbsp;<\/p>\n<!-- AddThis Advanced Settings generic via filter on the_content --><!-- AddThis Share Buttons generic via filter on the_content -->","protected":false},"excerpt":{"rendered":"<p>PROGRAMA DE INVESTIGACI\u00d3N Y CICLO DE CHARLAS. &nbsp; Am\u00e9rica Latina es el nombre de una&#8230;<\/p>\n<!-- AddThis Advanced Settings generic via filter on the_excerpt --><!-- AddThis Share Buttons generic via filter on the_excerpt -->","protected":false},"author":125,"featured_media":1703,"comment_status":"closed","ping_status":"closed","sticky":false,"template":"","format":"standard","meta":[],"categories":[46],"tags":[],"_links":{"self":[{"href":"https:\/\/noticiasungs.ungs.edu.ar\/index.php?rest_route=\/wp\/v2\/posts\/1701"}],"collection":[{"href":"https:\/\/noticiasungs.ungs.edu.ar\/index.php?rest_route=\/wp\/v2\/posts"}],"about":[{"href":"https:\/\/noticiasungs.ungs.edu.ar\/index.php?rest_route=\/wp\/v2\/types\/post"}],"author":[{"embeddable":true,"href":"https:\/\/noticiasungs.ungs.edu.ar\/index.php?rest_route=\/wp\/v2\/users\/125"}],"replies":[{"embeddable":true,"href":"https:\/\/noticiasungs.ungs.edu.ar\/index.php?rest_route=%2Fwp%2Fv2%2Fcomments&post=1701"}],"version-history":[{"count":0,"href":"https:\/\/noticiasungs.ungs.edu.ar\/index.php?rest_route=\/wp\/v2\/posts\/1701\/revisions"}],"wp:featuredmedia":[{"embeddable":true,"href":"https:\/\/noticiasungs.ungs.edu.ar\/index.php?rest_route=\/wp\/v2\/media\/1703"}],"wp:attachment":[{"href":"https:\/\/noticiasungs.ungs.edu.ar\/index.php?rest_route=%2Fwp%2Fv2%2Fmedia&parent=1701"}],"wp:term":[{"taxonomy":"category","embeddable":true,"href":"https:\/\/noticiasungs.ungs.edu.ar\/index.php?rest_route=%2Fwp%2Fv2%2Fcategories&post=1701"},{"taxonomy":"post_tag","embeddable":true,"href":"https:\/\/noticiasungs.ungs.edu.ar\/index.php?rest_route=%2Fwp%2Fv2%2Ftags&post=1701"}],"curies":[{"name":"wp","href":"https:\/\/api.w.org\/{rel}","templated":true}]}}